{"id":969,"date":"2018-09-15T13:44:00","date_gmt":"2018-09-15T11:44:00","guid":{"rendered":"https:\/\/blandinegaly.com\/restauracio-dun-violi-alemany-de-1742\/"},"modified":"2026-03-26T14:48:01","modified_gmt":"2026-03-26T13:48:01","slug":"restauracio-dun-violi-alemany-de-1742","status":"publish","type":"post","link":"https:\/\/blandinegaly.com\/ca\/restauracio-dun-violi-alemany-de-1742\/","title":{"rendered":"Restauraci\u00f3 d&#8217;un viol\u00ed alemany de 1742"},"content":{"rendered":"\n<p>Compartim algunes imatges que documenten el proc\u00e9s de restauraci\u00f3 d&#8217;un viol\u00ed alemany de 1742, en el qual es conserva una intervenci\u00f3 treballada pel reconegut lutier Ignacio Fleta l&#8217;any 1950. La restauraci\u00f3 actual es va dur a terme amb especial cura per tal de preservar i respectar el treball anterior, tenint en compte el seu valor hist\u00f2ric dins de l&#8217;enfocament de conservaci\u00f3 de l&#8217;instrument.<\/p>\n\n<div class=\"wp-block-columns is-layout-flex wp-container-core-columns-is-layout-9d6595d7 wp-block-columns-is-layout-flex\">\n<div class=\"wp-block-column is-layout-flow wp-block-column-is-layout-flow\" style=\"flex-basis:100%\">\n<div class=\"wp-block-columns is-layout-flex wp-container-core-columns-is-layout-9d6595d7 wp-block-columns-is-layout-flex\">\n<div class=\"wp-block-column is-layout-flow wp-block-column-is-layout-flow\">\n<figure class=\"wp-block-image size-full\"><img fetchpriority=\"high\" decoding=\"async\" width=\"578\" height=\"1024\" src=\"https:\/\/blandinegaly.com\/wp-content\/uploads\/2025\/10\/restauracion-violin-aleman-siglo-xviii57-578x1024-1.jpg\" alt=\"\" class=\"wp-image-539\" srcset=\"https:\/\/blandinegaly.com\/wp-content\/uploads\/2025\/10\/restauracion-violin-aleman-siglo-xviii57-578x1024-1.jpg 578w, https:\/\/blandinegaly.com\/wp-content\/uploads\/2025\/10\/restauracion-violin-aleman-siglo-xviii57-578x1024-1-169x300.jpg 169w\" sizes=\"(max-width: 578px) 100vw, 578px\" \/><\/figure>\n<\/div>\n\n\n\n<div class=\"wp-block-column is-layout-flow wp-block-column-is-layout-flow\">\n<figure class=\"wp-block-image size-full\"><img decoding=\"async\" width=\"578\" height=\"1024\" src=\"https:\/\/blandinegaly.com\/wp-content\/uploads\/2025\/10\/restauracion-violin-aleman-siglo-xviii40-578x1024-1.jpg\" alt=\"\" class=\"wp-image-541\" srcset=\"https:\/\/blandinegaly.com\/wp-content\/uploads\/2025\/10\/restauracion-violin-aleman-siglo-xviii40-578x1024-1.jpg 578w, https:\/\/blandinegaly.com\/wp-content\/uploads\/2025\/10\/restauracion-violin-aleman-siglo-xviii40-578x1024-1-169x300.jpg 169w\" sizes=\"(max-width: 578px) 100vw, 578px\" \/><\/figure>\n<\/div>\n<\/div>\n<\/div>\n<\/div>\n\n<p><\/p>\n","protected":false},"excerpt":{"rendered":"<p>Compartim algunes imatges que documenten el proc\u00e9s de restauraci\u00f3 d&#8217;un viol\u00ed alemany de 1742, en el qual es conserva una intervenci\u00f3 treballada pel reconegut lutier Ignacio Fleta l&#8217;any 1950. La restauraci\u00f3 actual es va dur a terme amb especial cura per tal de preservar i&#8230;<\/p>\n","protected":false},"author":2,"featured_media":864,"comment_status":"open","ping_status":"open","sticky":false,"template":"","format":"standard","meta":{"footnotes":""},"categories":[39,38],"tags":[46,40],"class_list":["post-969","post","type-post","status-publish","format-standard","has-post-thumbnail","hentry","category-instruments-historics","category-restauracio-i-reparacio","tag-ignacio-fleta","tag-violi"],"_links":{"self":[{"href":"https:\/\/blandinegaly.com\/ca\/wp-json\/wp\/v2\/posts\/969","targetHints":{"allow":["GET"]}}],"collection":[{"href":"https:\/\/blandinegaly.com\/ca\/wp-json\/wp\/v2\/posts"}],"about":[{"href":"https:\/\/blandinegaly.com\/ca\/wp-json\/wp\/v2\/types\/post"}],"author":[{"embeddable":true,"href":"https:\/\/blandinegaly.com\/ca\/wp-json\/wp\/v2\/users\/2"}],"replies":[{"embeddable":true,"href":"https:\/\/blandinegaly.com\/ca\/wp-json\/wp\/v2\/comments?post=969"}],"version-history":[{"count":1,"href":"https:\/\/blandinegaly.com\/ca\/wp-json\/wp\/v2\/posts\/969\/revisions"}],"predecessor-version":[{"id":970,"href":"https:\/\/blandinegaly.com\/ca\/wp-json\/wp\/v2\/posts\/969\/revisions\/970"}],"wp:featuredmedia":[{"embeddable":true,"href":"https:\/\/blandinegaly.com\/ca\/wp-json\/wp\/v2\/media\/864"}],"wp:attachment":[{"href":"https:\/\/blandinegaly.com\/ca\/wp-json\/wp\/v2\/media?parent=969"}],"wp:term":[{"taxonomy":"category","embeddable":true,"href":"https:\/\/blandinegaly.com\/ca\/wp-json\/wp\/v2\/categories?post=969"},{"taxonomy":"post_tag","embeddable":true,"href":"https:\/\/blandinegaly.com\/ca\/wp-json\/wp\/v2\/tags?post=969"}],"curies":[{"name":"wp","href":"https:\/\/api.w.org\/{rel}","templated":true}]}}