{"id":958,"date":"2025-10-03T14:14:24","date_gmt":"2025-10-03T12:14:24","guid":{"rendered":"https:\/\/blandinegaly.com\/encastre-de-capcal-violi-italia-del-s-xviii\/"},"modified":"2026-03-26T14:45:25","modified_gmt":"2026-03-26T13:45:25","slug":"encastre-de-capcal-violi-italia-del-s-xviii","status":"publish","type":"post","link":"https:\/\/blandinegaly.com\/ca\/encastre-de-capcal-violi-italia-del-s-xviii\/","title":{"rendered":"Encastre de Cap\u00e7al \u2013 Viol\u00ed Itali\u00e0 del s. XVIII"},"content":{"rendered":"\n<p>En aquestes imatges es pot apreciar l&#8217;encastre del cap\u00e7al realitzat en un viol\u00ed itali\u00e0 del segle XVIII, una intervenci\u00f3 complexa que requereix precisi\u00f3, experi\u00e8ncia i un profund respecte per l&#8217;instrument original. Al nostre taller duem a terme reparacions i restauracions d&#8217;alta complexitat, sempre amb un nivell d&#8217;exig\u00e8ncia elevat i prenent-nos el temps necessari per tal de garantir uns resultats de llarga durada i d&#8217;excel\u00b7lent qualitat. <\/p>\n\n<div class=\"wp-block-columns is-layout-flex wp-container-core-columns-is-layout-9d6595d7 wp-block-columns-is-layout-flex\">\n<div class=\"wp-block-column is-layout-flow wp-block-column-is-layout-flow\" style=\"flex-basis:100%\">\n<div class=\"wp-block-columns is-layout-flex wp-container-core-columns-is-layout-9d6595d7 wp-block-columns-is-layout-flex\">\n<div class=\"wp-block-column is-layout-flow wp-block-column-is-layout-flow\">\n<div class=\"wp-block-columns is-layout-flex wp-container-core-columns-is-layout-9d6595d7 wp-block-columns-is-layout-flex\">\n<div class=\"wp-block-column is-layout-flow wp-block-column-is-layout-flow\" style=\"flex-basis:100%\">\n<figure class=\"wp-block-image size-full\"><img fetchpriority=\"high\" decoding=\"async\" width=\"1944\" height=\"1754\" src=\"https:\/\/blandinegaly.com\/wp-content\/uploads\/2025\/10\/DSC_0188-rotated-e1759915364429.jpg\" alt=\"\" class=\"wp-image-736\" srcset=\"https:\/\/blandinegaly.com\/wp-content\/uploads\/2025\/10\/DSC_0188-rotated-e1759915364429.jpg 1944w, https:\/\/blandinegaly.com\/wp-content\/uploads\/2025\/10\/DSC_0188-rotated-e1759915364429-300x271.jpg 300w, https:\/\/blandinegaly.com\/wp-content\/uploads\/2025\/10\/DSC_0188-rotated-e1759915364429-1024x924.jpg 1024w, https:\/\/blandinegaly.com\/wp-content\/uploads\/2025\/10\/DSC_0188-rotated-e1759915364429-768x693.jpg 768w, https:\/\/blandinegaly.com\/wp-content\/uploads\/2025\/10\/DSC_0188-rotated-e1759915364429-1536x1386.jpg 1536w, https:\/\/blandinegaly.com\/wp-content\/uploads\/2025\/10\/DSC_0188-rotated-e1759915364429-700x632.jpg 700w\" sizes=\"(max-width: 1944px) 100vw, 1944px\" \/><\/figure>\n<\/div>\n<\/div>\n<\/div>\n\n\n\n<div class=\"wp-block-column is-layout-flow wp-block-column-is-layout-flow\">\n<figure class=\"wp-block-image size-full\"><img decoding=\"async\" width=\"2560\" height=\"1920\" src=\"https:\/\/blandinegaly.com\/wp-content\/uploads\/2025\/10\/DSC_0301-scaled.jpg\" alt=\"\" class=\"wp-image-737\" srcset=\"https:\/\/blandinegaly.com\/wp-content\/uploads\/2025\/10\/DSC_0301-scaled.jpg 2560w, https:\/\/blandinegaly.com\/wp-content\/uploads\/2025\/10\/DSC_0301-300x225.jpg 300w, https:\/\/blandinegaly.com\/wp-content\/uploads\/2025\/10\/DSC_0301-1024x768.jpg 1024w, https:\/\/blandinegaly.com\/wp-content\/uploads\/2025\/10\/DSC_0301-768x576.jpg 768w, https:\/\/blandinegaly.com\/wp-content\/uploads\/2025\/10\/DSC_0301-1536x1152.jpg 1536w, https:\/\/blandinegaly.com\/wp-content\/uploads\/2025\/10\/DSC_0301-2048x1536.jpg 2048w, https:\/\/blandinegaly.com\/wp-content\/uploads\/2025\/10\/DSC_0301-800x600.jpg 800w, https:\/\/blandinegaly.com\/wp-content\/uploads\/2025\/10\/DSC_0301-700x525.jpg 700w\" sizes=\"(max-width: 2560px) 100vw, 2560px\" \/><\/figure>\n<\/div>\n<\/div>\n<\/div>\n<\/div>\n\n<p><\/p>\n","protected":false},"excerpt":{"rendered":"<p>En aquestes imatges es pot apreciar l&#8217;encastre del cap\u00e7al realitzat en un viol\u00ed itali\u00e0 del segle XVIII, una intervenci\u00f3 complexa que requereix precisi\u00f3, experi\u00e8ncia i un profund respecte per l&#8217;instrument original. Al nostre taller duem a terme reparacions i restauracions d&#8217;alta complexitat, sempre amb un&#8230;<\/p>\n","protected":false},"author":2,"featured_media":957,"comment_status":"open","ping_status":"open","sticky":false,"template":"","format":"standard","meta":{"footnotes":""},"categories":[39,38],"tags":[40],"class_list":["post-958","post","type-post","status-publish","format-standard","has-post-thumbnail","hentry","category-instruments-historics","category-restauracio-i-reparacio","tag-violi"],"_links":{"self":[{"href":"https:\/\/blandinegaly.com\/ca\/wp-json\/wp\/v2\/posts\/958","targetHints":{"allow":["GET"]}}],"collection":[{"href":"https:\/\/blandinegaly.com\/ca\/wp-json\/wp\/v2\/posts"}],"about":[{"href":"https:\/\/blandinegaly.com\/ca\/wp-json\/wp\/v2\/types\/post"}],"author":[{"embeddable":true,"href":"https:\/\/blandinegaly.com\/ca\/wp-json\/wp\/v2\/users\/2"}],"replies":[{"embeddable":true,"href":"https:\/\/blandinegaly.com\/ca\/wp-json\/wp\/v2\/comments?post=958"}],"version-history":[{"count":3,"href":"https:\/\/blandinegaly.com\/ca\/wp-json\/wp\/v2\/posts\/958\/revisions"}],"predecessor-version":[{"id":961,"href":"https:\/\/blandinegaly.com\/ca\/wp-json\/wp\/v2\/posts\/958\/revisions\/961"}],"wp:featuredmedia":[{"embeddable":true,"href":"https:\/\/blandinegaly.com\/ca\/wp-json\/wp\/v2\/media\/957"}],"wp:attachment":[{"href":"https:\/\/blandinegaly.com\/ca\/wp-json\/wp\/v2\/media?parent=958"}],"wp:term":[{"taxonomy":"category","embeddable":true,"href":"https:\/\/blandinegaly.com\/ca\/wp-json\/wp\/v2\/categories?post=958"},{"taxonomy":"post_tag","embeddable":true,"href":"https:\/\/blandinegaly.com\/ca\/wp-json\/wp\/v2\/tags?post=958"}],"curies":[{"name":"wp","href":"https:\/\/api.w.org\/{rel}","templated":true}]}}